{"id":833,"date":"2024-01-29T17:12:05","date_gmt":"2024-01-29T17:12:05","guid":{"rendered":"https:\/\/l-experience-association.ch\/?p=833"},"modified":"2024-01-29T17:14:49","modified_gmt":"2024-01-29T17:14:49","slug":"lexperience-fete-ses-25-ans","status":"publish","type":"post","link":"https:\/\/l-experience-association.ch\/?p=833","title":{"rendered":"L&rsquo;Exp\u00e9rience f\u00eate ses 25 ans"},"content":{"rendered":"\n<p>Chers membres, partenaires et amis de l&rsquo;Association L&rsquo;Exp\u00e9rience,<\/p>\n\n\n\n<p>Cette ann\u00e9e nous c\u00e9l\u00e9brons avec une profonde gratitude les 25 ans d&rsquo;existence de notre association d\u00e9di\u00e9e au soutien des personnes souffrant de troubles psychiques. Cette \u00e9tape significative marque un quart de si\u00e8cle d&rsquo;engagement, de compassion et d&rsquo;accompagnement dans la lutte contre les stigmates entourant la sant\u00e9 mentale.<\/p>\n\n\n\n<p>Depuis sa cr\u00e9ation en 1999, L&rsquo;Exp\u00e9rience s&rsquo;est efforc\u00e9e de cr\u00e9er un espace inclusif o\u00f9 chaque individu, quel que soit son parcours, peut trouver compr\u00e9hension, soutien et espoir. Nous avons parcouru un chemin riche en d\u00e9fis, en apprentissages, et surtout, en rencontres humaines exceptionnelles. Aujourd&rsquo;hui, \u00e0 l&rsquo;aube de cette ann\u00e9e symbolique, il est temps de r\u00e9fl\u00e9chir \u00e0 notre parcours et de c\u00e9l\u00e9brer les r\u00e9ussites qui ont \u00e9merg\u00e9 de notre engagement collectif.<\/p>\n\n\n\n<p>L&rsquo;Association a toujours cru en la force de la communaut\u00e9 autog\u00e9r\u00e9e pour cr\u00e9er un changement positif. Au fil des ans, nous avons d\u00e9velopp\u00e9 des ateliers cr\u00e9atifs, des groupes de soutien, des formations adapt\u00e9es, et bien d&rsquo;autres initiatives ont \u00e9t\u00e9 mises en place pour favoriser l&rsquo;\u00e9panouissement personnel et social de nos membres.<\/p>\n\n\n\n<p>Nous tenons \u00e0 exprimer notre profonde reconnaissance envers tous ceux qui ont contribu\u00e9, de pr\u00e8s ou de loin, \u00e0 cette aventure humaine. Nos membres, nos b\u00e9n\u00e9voles d\u00e9vou\u00e9s, nos partenaires, et tous ceux qui ont partag\u00e9 leur exp\u00e9rience et leur expertise ont \u00e9t\u00e9 les piliers de notre succ\u00e8s.<\/p>\n\n\n\n<p>Cependant, notre travail n&rsquo;est pas termin\u00e9. Alors que nous c\u00e9l\u00e9brons ces 25 ann\u00e9es de pr\u00e9sence dans le tissu social, nous r\u00e9affirmons notre engagement envers la cause de la sant\u00e9 mentale. Nous continuons \u00e0 nous adapter aux besoins changeants de notre communaut\u00e9 et \u00e0 travailler sans rel\u00e2che pour \u00e9liminer les barri\u00e8res qui entravent l&rsquo;acc\u00e8s aux soins et au soutien.<\/p>\n\n\n\n<p>Les 25 ans de l&rsquo;Association L&rsquo;Exp\u00e9rience sont une c\u00e9l\u00e9bration de la r\u00e9silience, de l&rsquo;amour et de la solidarit\u00e9. Ensemble, nous avons surmont\u00e9 des obstacles, cr\u00e9\u00e9 des liens durables et contribu\u00e9 \u00e0 l&rsquo;\u00e9volution du paysage de la sant\u00e9 mentale. Nous envisageons l&rsquo;avenir avec optimisme, conscients que chaque journ\u00e9e est une nouvelle opportunit\u00e9 d&rsquo;apporter un changement positif dans la vie de ceux qui souffrent.<\/p>\n\n\n\n<p>Merci \u00e0 chacun d&rsquo;entre vous pour votre soutien ind\u00e9fectible. Ensemble, continuons \u00e0 faire de l&rsquo;Association une source d&rsquo;espoir, d&rsquo;inspiration et de transformation.<\/p>\n\n\n\n<p>Avec gratitude et d\u00e9termination,<\/p>\n\n\n\n<p>Le comit\u00e9 d&rsquo;autogestion de l&rsquo;Association L&rsquo;Exp\u00e9rience<\/p>\n","protected":false},"excerpt":{"rendered":"<p>Chers membres, partenaires et amis de l&rsquo;Association L&rsquo;Exp\u00e9rience, Cette ann\u00e9e nous c\u00e9l\u00e9brons avec une profonde gratitude les 25 ans d&rsquo;existence de notre association d\u00e9di\u00e9e au soutien des personnes souffrant de troubles psychiques. Cette \u00e9tape significative marque un quart de si\u00e8cle d&rsquo;engagement, de compassion et d&rsquo;accompagnement dans la lutte contre les stigmates entourant la sant\u00e9 mentale. &hellip; <a href=\"https:\/\/l-experience-association.ch\/?p=833\" class=\"more-link\">Lire la suite <span class=\"screen-reader-text\">L&rsquo;Exp\u00e9rience f\u00eate ses 25 ans<\/span> <span class=\"meta-nav\">&rarr;<\/span><\/a><\/p>\n","protected":false},"author":2,"featured_media":0,"comment_status":"open","ping_status":"open","sticky":false,"template":"","format":"standard","meta":{"_jetpack_memberships_contains_paid_content":false,"footnotes":""},"categories":[1],"tags":[],"class_list":["post-833","post","type-post","status-publish","format-standard","hentry","category-uncategorized"],"jetpack_featured_media_url":"","jetpack_sharing_enabled":true,"_links":{"self":[{"href":"https:\/\/l-experience-association.ch\/index.php?rest_route=\/wp\/v2\/posts\/833","targetHints":{"allow":["GET"]}}],"collection":[{"href":"https:\/\/l-experience-association.ch\/index.php?rest_route=\/wp\/v2\/posts"}],"about":[{"href":"https:\/\/l-experience-association.ch\/index.php?rest_route=\/wp\/v2\/types\/post"}],"author":[{"embeddable":true,"href":"https:\/\/l-experience-association.ch\/index.php?rest_route=\/wp\/v2\/users\/2"}],"replies":[{"embeddable":true,"href":"https:\/\/l-experience-association.ch\/index.php?rest_route=%2Fwp%2Fv2%2Fcomments&post=833"}],"version-history":[{"count":2,"href":"https:\/\/l-experience-association.ch\/index.php?rest_route=\/wp\/v2\/posts\/833\/revisions"}],"predecessor-version":[{"id":835,"href":"https:\/\/l-experience-association.ch\/index.php?rest_route=\/wp\/v2\/posts\/833\/revisions\/835"}],"wp:attachment":[{"href":"https:\/\/l-experience-association.ch\/index.php?rest_route=%2Fwp%2Fv2%2Fmedia&parent=833"}],"wp:term":[{"taxonomy":"category","embeddable":true,"href":"https:\/\/l-experience-association.ch\/index.php?rest_route=%2Fwp%2Fv2%2Fcategories&post=833"},{"taxonomy":"post_tag","embeddable":true,"href":"https:\/\/l-experience-association.ch\/index.php?rest_route=%2Fwp%2Fv2%2Ftags&post=833"}],"curies":[{"name":"wp","href":"https:\/\/api.w.org\/{rel}","templated":true}]}}